{"id":3288,"date":"2025-10-24T15:28:43","date_gmt":"2025-10-24T15:28:43","guid":{"rendered":"https:\/\/anabruno.pt\/proposed-amendments-to-the-portuguese-citizenship-law-debated-in-parliament\/"},"modified":"2026-01-23T16:02:39","modified_gmt":"2026-01-23T16:02:39","slug":"proposed-amendments-to-the-portuguese-citizenship-law-debated-in-parliament","status":"publish","type":"post","link":"https:\/\/anabruno.pt\/en\/proposed-amendments-to-the-portuguese-citizenship-law-debated-in-parliament\/","title":{"rendered":"Proposed Amendments to the Portuguese Citizenship Law Debated in Parliament"},"content":{"rendered":"[vc_row type=&#8221;full_width_content&#8221; full_screen_row_position=&#8221;middle&#8221; column_margin=&#8221;default&#8221; column_direction=&#8221;default&#8221; column_direction_tablet=&#8221;default&#8221; column_direction_phone=&#8221;default&#8221; scene_position=&#8221;center&#8221; top_padding=&#8221;5%&#8221; bottom_padding=&#8221;5%&#8221; left_padding_desktop=&#8221;2%&#8221; constrain_group_2=&#8221;yes&#8221; right_padding_desktop=&#8221;2%&#8221; left_padding_tablet=&#8221;5%&#8221; constrain_group_4=&#8221;yes&#8221; right_padding_tablet=&#8221;5%&#8221; left_padding_phone=&#8221;5%&#8221; constrain_group_6=&#8221;yes&#8221; right_padding_phone=&#8221;5%&#8221; text_color=&#8221;dark&#8221; text_align=&#8221;left&#8221; row_border_radius=&#8221;none&#8221; row_border_radius_applies=&#8221;bg&#8221; overflow=&#8221;visible&#8221; id=&#8221;area-pdf&#8221; overlay_strength=&#8221;0.3&#8243; gradient_direction=&#8221;left_to_right&#8221; shape_divider_position=&#8221;bottom&#8221; bg_image_animation=&#8221;none&#8221; gradient_type=&#8221;default&#8221; shape_type=&#8221;&#8221;][vc_column column_padding=&#8221;no-extra-padding&#8221; column_padding_tablet=&#8221;no-extra-padding&#8221; column_padding_phone=&#8221;no-extra-padding&#8221; column_padding_position=&#8221;right&#8221; column_element_direction_desktop=&#8221;default&#8221; column_element_spacing=&#8221;default&#8221; desktop_text_alignment=&#8221;default&#8221; tablet_text_alignment=&#8221;default&#8221; phone_text_alignment=&#8221;default&#8221; background_color_opacity=&#8221;1&#8243; background_hover_color_opacity=&#8221;1&#8243; column_backdrop_filter=&#8221;none&#8221; column_shadow=&#8221;none&#8221; column_border_radius=&#8221;none&#8221; column_link_target=&#8221;_self&#8221; column_position=&#8221;default&#8221; el_class=&#8221;coluna-esquerda&#8221; gradient_direction=&#8221;left_to_right&#8221; overlay_strength=&#8221;0.3&#8243; width=&#8221;7\/12&#8243; tablet_width_inherit=&#8221;default&#8221; animation_type=&#8221;default&#8221; bg_image_animation=&#8221;none&#8221; border_type=&#8221;simple&#8221; column_border_width=&#8221;none&#8221; column_border_style=&#8221;solid&#8221; column_padding_type=&#8221;default&#8221; gradient_type=&#8221;default&#8221;][divider line_type=&#8221;No Line&#8221; custom_height=&#8221;0px&#8221; custom_height_tablet=&#8221;60px&#8221; custom_height_phone=&#8221;80px&#8221;][vc_row_inner equal_height=&#8221;yes&#8221; content_placement=&#8221;middle&#8221; column_margin=&#8221;none&#8221; column_direction=&#8221;default&#8221; column_direction_tablet=&#8221;default&#8221; column_direction_phone=&#8221;default&#8221; text_align=&#8221;left&#8221; row_position=&#8221;default&#8221; row_position_tablet=&#8221;inherit&#8221; row_position_phone=&#8221;inherit&#8221; overflow=&#8221;visible&#8221; pointer_events=&#8221;all&#8221; class=&#8221;no-print-pdf&#8221;][vc_column_inner column_padding=&#8221;no-extra-padding&#8221; column_padding_tablet=&#8221;inherit&#8221; column_padding_phone=&#8221;inherit&#8221; column_padding_position=&#8221;all&#8221; column_element_direction_desktop=&#8221;default&#8221; column_element_spacing=&#8221;default&#8221; desktop_text_alignment=&#8221;default&#8221; tablet_text_alignment=&#8221;default&#8221; phone_text_alignment=&#8221;default&#8221; background_color_opacity=&#8221;1&#8243; background_hover_color_opacity=&#8221;1&#8243; column_backdrop_filter=&#8221;none&#8221; column_shadow=&#8221;none&#8221; column_border_radius=&#8221;none&#8221; column_link_target=&#8221;_self&#8221; overflow=&#8221;visible&#8221; el_class=&#8221;no-print-pdf&#8221; gradient_direction=&#8221;left_to_right&#8221; overlay_strength=&#8221;0.3&#8243; width=&#8221;1\/12&#8243; tablet_width_inherit=&#8221;default&#8221; animation_type=&#8221;default&#8221; bg_image_animation=&#8221;none&#8221; border_type=&#8221;simple&#8221; column_border_width=&#8221;none&#8221; column_border_style=&#8221;solid&#8221; column_padding_type=&#8221;default&#8221; gradient_type=&#8221;default&#8221; offset=&#8221;vc_col-xs-2&#8243;][image_with_animation image_url=&#8221;148&#8243; image_size=&#8221;full&#8221; max_width=&#8221;100%&#8221; max_width_mobile=&#8221;default&#8221; animation_type=&#8221;entrance&#8221; animation=&#8221;None&#8221; animation_movement_type=&#8221;transform_y&#8221; hover_animation=&#8221;color-overlay&#8221; alignment=&#8221;&#8221; border_radius=&#8221;none&#8221; box_shadow=&#8221;none&#8221; image_loading=&#8221;default&#8221; position_desktop=&#8221;relative&#8221; el_class=&#8221;hover_seta no-print-pdf&#8221; img_link=&#8221;https:\/\/anabruno.pt\/en\/news\/&#8221;][\/vc_column_inner][vc_column_inner left_padding_desktop=&#8221;10px&#8221; column_element_direction_desktop=&#8221;default&#8221; column_element_spacing=&#8221;default&#8221; desktop_text_alignment=&#8221;default&#8221; tablet_text_alignment=&#8221;default&#8221; phone_text_alignment=&#8221;default&#8221; background_color_opacity=&#8221;1&#8243; background_hover_color_opacity=&#8221;1&#8243; column_backdrop_filter=&#8221;none&#8221; column_shadow=&#8221;none&#8221; column_border_radius=&#8221;none&#8221; column_link_target=&#8221;_self&#8221; overflow=&#8221;visible&#8221; el_class=&#8221;no-print-pdf&#8221; gradient_direction=&#8221;left_to_right&#8221; overlay_strength=&#8221;0.3&#8243; width=&#8221;11\/12&#8243; tablet_width_inherit=&#8221;default&#8221; animation_type=&#8221;default&#8221; bg_image_animation=&#8221;none&#8221; border_type=&#8221;simple&#8221; column_border_width=&#8221;none&#8221; column_border_style=&#8221;solid&#8221; column_padding_type=&#8221;advanced&#8221; gradient_type=&#8221;default&#8221; offset=&#8221;vc_col-xs-10&#8243; column_link=&#8221;\/noticias\/&#8221;][vc_column_text css=&#8221;&#8221; text_direction=&#8221;default&#8221; el_class=&#8221;no-print-pdf&#8221;]go back[\/vc_column_text][\/vc_column_inner][\/vc_row_inner][divider line_type=&#8221;No Line&#8221; custom_height=&#8221;30px&#8221;][vc_column_text css=&#8221;.vc_custom_1761319276922{margin-bottom: 0px !important;}&#8221; text_direction=&#8221;default&#8221; el_class=&#8221;titulo-interno&#8221;]\n<h1 class=\"titulo-pdf\">Proposed Amendments to the Portuguese Citizenship Law Debated in Parliament<\/h1>\n[\/vc_column_text][divider line_type=&#8221;No Line&#8221; custom_height=&#8221;30px&#8221;][vc_column_text css=&#8221;&#8221; text_direction=&#8221;default&#8221; el_class=&#8221;texto_justificado texto_normal&#8221;]On the morning of 24 October 2025, proposed amendments to the Portuguese Citizenship Law were debated in Parliament following four months of intense discussions and several postponements.<br \/>\nThe proposed changes, which significantly tighten the requirements for obtaining Portuguese citizenship, did not garner broad political support, with concerns raised by legal experts and institutions regarding key aspects of the Government\u2019s proposal.<br \/>\nThe legislative process remains ongoing. The final version of the amendments is scheduled for confirmation during the Parliament\u2019s plenary session on Tuesday, 28 October 2025. Following this final vote, the President of the Republic may request a constitutional review by the Constitutional Court before promulgating the law.<\/p>\n<p><strong>I. Major Reforms Proposed<\/strong><br \/>\nThe proposed amendments introduce significant changes for individuals seeking Portuguese citizenship.<br \/>\nThe main updates under consideration include:<\/p>\n<ol>\n<li><strong>Extended legal residency period:<\/strong> The proposed legislation significantly extends the minimum period of legal residency required for naturalization, raising it from 5 to 10 years. However, in recognition of cultural and regional ties, citizens of Portuguese-speaking nations and European Union Member States would be eligible for a shorter residency requirement of 7 years, fostering a balanced approach to integration.<\/li>\n<li><strong>New eligibility criteria:<\/strong> Applicants would need to demonstrate knowledge of Portuguese culture, understand the civic duties associated with Portuguese nationality, pose no security threat, not be subject to UN or EU sanctions, and prove financial self-sufficiency.<\/li>\n<li><strong>Residency period calculation:<\/strong> The proposed amendments revise the calculation of the minimum legal residency period for naturalization, stipulating that it will commence from the issuance date of the initial residence card. This marks a shift from the current practice, effective since 1 April 2024, which allowed the period to begin upon submission of the residence permit application, a measure previously adopted to mitigate extended processing delays.<\/li>\n<li><strong>Termination of the Sephardic Jewish citizenship regime:<\/strong> This regime would be revoked, closing the pathway for new applicants.<\/li>\n<li><strong>Stricter access to nationality by birth:<\/strong> Children born in Portugal would only be eligible for citizenship if at least one parent has legally resided in the country for a minimum of 5 years at the time of the child\u2019s birth. This introduces a stricter requirement compared to the current law, which allows eligibility if one parent has legally resided in Portugal for at least 1 year or, alternatively, has resided in the country for at least 1 year regardless of legal status. The proposed amendment eliminates the provision for residency without legal status, mandating that parents must have legal residency in Portugal, and now, for a minimum of 5 years.<\/li>\n<\/ol>\n<p><strong>II. Safeguards Measure for a Just Transition<\/strong><br \/>\nDuring the consultation process, the need for transitional provisions or grandfathering clauses to protect applicants close to submitting their applications was a key point of discussion.<br \/>\nThe proposed final version includes limited safeguards but does not fully protect such applicants:<\/p>\n<ol>\n<li><strong>Non-retroactive Application:<\/strong> The proposed amendments will not apply retroactively, taking effect solely for new applications submitted after the law\u2019s entry into force, on the day following its publication in Portugal\u2019s Official Gazette. All applications pending at that time will continue to be evaluated under the existing legal framework, ensuring continuity for current processes.<\/li>\n<li><strong>Absence of Transitional Protections:<\/strong> Individuals who already hold residence cards or have submitted residence permit applications will not benefit from grandfathering provisions. They will be subject to the stringent new criteria, marking a definitive shift in eligibility requirements for future applicants.<\/li>\n<\/ol>\n<p>This legal notice provides general information regarding the proposed amendments to the Portuguese Nationality Law debated in Parliament on October 24, 2025, with the final version scheduled for confirmation on October 28, 2025. It is not intended to serve as a basis for specific decisions without professional legal counsel.<\/p>\n<p>For detailed guidance on the implications of these amendments, please contact the Immigration Department of Ana Bruno &amp; Associados. You may reach out to Partner Filipe Eus\u00e9bio (filipe.eusebio@anabruno.pt), Associate Lawyer Maria Teresa Rold\u00e3o (mariateresa.roldao@anabruno.pt), or Trainee Lawyer Catarina B\u00e1rbara (catarina.barbara@anabruno.pt) for further assistance.[\/vc_column_text][divider line_type=&#8221;No Line&#8221; custom_height=&#8221;0px&#8221; custom_height_tablet=&#8221;40px&#8221; custom_height_phone=&#8221;40px&#8221;][\/vc_column][vc_column column_padding=&#8221;no-extra-padding&#8221; column_padding_tablet=&#8221;inherit&#8221; column_padding_phone=&#8221;inherit&#8221; column_padding_position=&#8221;all&#8221; column_element_direction_desktop=&#8221;default&#8221; column_element_spacing=&#8221;default&#8221; desktop_text_alignment=&#8221;default&#8221; tablet_text_alignment=&#8221;default&#8221; phone_text_alignment=&#8221;default&#8221; background_color_opacity=&#8221;1&#8243; background_hover_color_opacity=&#8221;1&#8243; column_backdrop_filter=&#8221;none&#8221; column_shadow=&#8221;none&#8221; column_border_radius=&#8221;none&#8221; column_link_target=&#8221;_self&#8221; column_position=&#8221;default&#8221; el_class=&#8221;no-print-pdf&#8221; gradient_direction=&#8221;left_to_right&#8221; overlay_strength=&#8221;0.3&#8243; width=&#8221;1\/12&#8243; tablet_width_inherit=&#8221;default&#8221; animation_type=&#8221;default&#8221; bg_image_animation=&#8221;none&#8221; border_type=&#8221;simple&#8221; column_border_width=&#8221;none&#8221; column_border_style=&#8221;solid&#8221; column_padding_type=&#8221;default&#8221; gradient_type=&#8221;default&#8221;][\/vc_column][vc_column column_padding=&#8221;no-extra-padding&#8221; column_padding_tablet=&#8221;inherit&#8221; column_padding_phone=&#8221;inherit&#8221; column_padding_position=&#8221;all&#8221; column_element_direction_desktop=&#8221;default&#8221; column_element_spacing=&#8221;default&#8221; desktop_text_alignment=&#8221;default&#8221; tablet_text_alignment=&#8221;default&#8221; phone_text_alignment=&#8221;default&#8221; sticky_content=&#8221;true&#8221; sticky_content_functionality=&#8221;js&#8221; background_color_opacity=&#8221;1&#8243; background_hover_color_opacity=&#8221;1&#8243; column_backdrop_filter=&#8221;none&#8221; column_shadow=&#8221;none&#8221; column_border_radius=&#8221;none&#8221; column_link_target=&#8221;_self&#8221; column_position=&#8221;default&#8221; el_class=&#8221;coluna-direita&#8221; gradient_direction=&#8221;left_to_right&#8221; overlay_strength=&#8221;0.3&#8243; width=&#8221;1\/3&#8243; tablet_width_inherit=&#8221;default&#8221; animation_type=&#8221;default&#8221; bg_image_animation=&#8221;none&#8221; border_type=&#8221;simple&#8221; column_border_width=&#8221;none&#8221; column_border_style=&#8221;solid&#8221; column_padding_type=&#8221;default&#8221; gradient_type=&#8221;default&#8221;][vc_column_text css=&#8221;.vc_custom_1756319632054{margin-bottom: 0px !important;}&#8221; text_direction=&#8221;default&#8221;]Authors[\/vc_column_text][divider line_type=&#8221;No Line&#8221; custom_height=&#8221;10px&#8221;][vc_row_inner column_margin=&#8221;20px&#8221; column_direction=&#8221;default&#8221; column_direction_tablet=&#8221;default&#8221; column_direction_phone=&#8221;default&#8221; text_align=&#8221;left&#8221; row_position=&#8221;default&#8221; row_position_tablet=&#8221;inherit&#8221; row_position_phone=&#8221;inherit&#8221; overflow=&#8221;visible&#8221; pointer_events=&#8221;all&#8221;][vc_column_inner column_padding=&#8221;no-extra-padding&#8221; column_padding_tablet=&#8221;inherit&#8221; column_padding_phone=&#8221;inherit&#8221; column_padding_position=&#8221;all&#8221; column_element_direction_desktop=&#8221;default&#8221; column_element_spacing=&#8221;default&#8221; desktop_text_alignment=&#8221;default&#8221; tablet_text_alignment=&#8221;default&#8221; phone_text_alignment=&#8221;default&#8221; background_color_opacity=&#8221;1&#8243; background_hover_color_opacity=&#8221;1&#8243; column_backdrop_filter=&#8221;none&#8221; column_shadow=&#8221;none&#8221; column_border_radius=&#8221;none&#8221; column_link_target=&#8221;_self&#8221; overflow=&#8221;visible&#8221; el_class=&#8221;seta_area_equipa&#8221; gradient_direction=&#8221;left_to_right&#8221; overlay_strength=&#8221;0.3&#8243; width=&#8221;1\/3&#8243; tablet_width_inherit=&#8221;default&#8221; animation_type=&#8221;default&#8221; bg_image_animation=&#8221;none&#8221; border_type=&#8221;simple&#8221; column_border_width=&#8221;none&#8221; column_border_style=&#8221;solid&#8221; column_padding_type=&#8221;default&#8221; gradient_type=&#8221;default&#8221; offset=&#8221;vc_col-xs-6&#8243;][image_with_animation image_url=&#8221;1496&#8243; image_size=&#8221;full&#8221; max_width=&#8221;100%&#8221; max_width_mobile=&#8221;default&#8221; animation_type=&#8221;entrance&#8221; animation=&#8221;None&#8221; animation_movement_type=&#8221;transform_y&#8221; hover_animation=&#8221;none&#8221; alignment=&#8221;&#8221; border_radius=&#8221;none&#8221; box_shadow=&#8221;none&#8221; image_loading=&#8221;default&#8221; img_link=&#8221;https:\/\/anabruno.pt\/en\/team\/filipe-eusebio\/&#8221; el_class=&#8221;autor-imagem&#8221;][divider line_type=&#8221;No Line&#8221; custom_height=&#8221;0px&#8221; custom_height_tablet=&#8221;10px&#8221; custom_height_phone=&#8221;10px&#8221;][vc_column_text css=&#8221;&#8221; text_direction=&#8221;default&#8221;]\n<h5 class=\"autor-nome\">Filipe Eus\u00e9bio<\/h5>\n[\/vc_column_text][divider line_type=&#8221;No Line&#8221; custom_height=&#8221;10px&#8221;][\/vc_column_inner][vc_column_inner column_padding=&#8221;no-extra-padding&#8221; column_padding_tablet=&#8221;inherit&#8221; column_padding_phone=&#8221;inherit&#8221; column_padding_position=&#8221;all&#8221; column_element_direction_desktop=&#8221;default&#8221; column_element_spacing=&#8221;default&#8221; desktop_text_alignment=&#8221;default&#8221; tablet_text_alignment=&#8221;default&#8221; phone_text_alignment=&#8221;default&#8221; background_color_opacity=&#8221;1&#8243; background_hover_color_opacity=&#8221;1&#8243; column_backdrop_filter=&#8221;none&#8221; column_shadow=&#8221;none&#8221; column_border_radius=&#8221;none&#8221; column_link_target=&#8221;_self&#8221; overflow=&#8221;visible&#8221; el_class=&#8221;seta_area_equipa&#8221; gradient_direction=&#8221;left_to_right&#8221; overlay_strength=&#8221;0.3&#8243; width=&#8221;1\/3&#8243; tablet_width_inherit=&#8221;default&#8221; animation_type=&#8221;default&#8221; bg_image_animation=&#8221;none&#8221; border_type=&#8221;simple&#8221; column_border_width=&#8221;none&#8221; column_border_style=&#8221;solid&#8221; column_padding_type=&#8221;default&#8221; gradient_type=&#8221;default&#8221; offset=&#8221;vc_col-xs-6&#8243;][image_with_animation image_url=&#8221;1478&#8243; image_size=&#8221;full&#8221; max_width=&#8221;100%&#8221; max_width_mobile=&#8221;default&#8221; animation_type=&#8221;entrance&#8221; animation=&#8221;None&#8221; animation_movement_type=&#8221;transform_y&#8221; hover_animation=&#8221;none&#8221; alignment=&#8221;&#8221; border_radius=&#8221;none&#8221; box_shadow=&#8221;none&#8221; image_loading=&#8221;default&#8221; img_link=&#8221;https:\/\/anabruno.pt\/en\/team\/maria-teresa-roldao\/&#8221; el_class=&#8221;autor-imagem-2&#8243;][divider line_type=&#8221;No Line&#8221; custom_height=&#8221;0px&#8221; custom_height_tablet=&#8221;10px&#8221; custom_height_phone=&#8221;10px&#8221;][vc_column_text css=&#8221;&#8221; text_direction=&#8221;default&#8221;]\n<h5 class=\"autor-nome-2\">Maria Teresa Rold\u00e3o<\/h5>\n[\/vc_column_text][divider line_type=&#8221;No Line&#8221; custom_height=&#8221;10px&#8221;][\/vc_column_inner][vc_column_inner column_padding=&#8221;no-extra-padding&#8221; column_padding_tablet=&#8221;inherit&#8221; column_padding_phone=&#8221;inherit&#8221; column_padding_position=&#8221;all&#8221; column_element_direction_desktop=&#8221;default&#8221; column_element_spacing=&#8221;default&#8221; desktop_text_alignment=&#8221;default&#8221; tablet_text_alignment=&#8221;default&#8221; phone_text_alignment=&#8221;default&#8221; background_color_opacity=&#8221;1&#8243; background_hover_color_opacity=&#8221;1&#8243; column_backdrop_filter=&#8221;none&#8221; column_shadow=&#8221;none&#8221; column_border_radius=&#8221;none&#8221; column_link_target=&#8221;_self&#8221; overflow=&#8221;visible&#8221; el_class=&#8221;seta_area_equipa&#8221; gradient_direction=&#8221;left_to_right&#8221; overlay_strength=&#8221;0.3&#8243; width=&#8221;1\/3&#8243; tablet_width_inherit=&#8221;default&#8221; animation_type=&#8221;default&#8221; bg_image_animation=&#8221;none&#8221; border_type=&#8221;simple&#8221; column_border_width=&#8221;none&#8221; column_border_style=&#8221;solid&#8221; column_padding_type=&#8221;default&#8221; gradient_type=&#8221;default&#8221; offset=&#8221;vc_col-xs-6&#8243;][image_with_animation image_url=&#8221;1493&#8243; image_size=&#8221;full&#8221; max_width=&#8221;100%&#8221; max_width_mobile=&#8221;default&#8221; animation_type=&#8221;entrance&#8221; animation=&#8221;None&#8221; animation_movement_type=&#8221;transform_y&#8221; hover_animation=&#8221;none&#8221; alignment=&#8221;&#8221; border_radius=&#8221;none&#8221; box_shadow=&#8221;none&#8221; image_loading=&#8221;default&#8221; img_link=&#8221;https:\/\/anabruno.pt\/en\/team\/catarina-barbara\/&#8221; el_class=&#8221;autor-imagem-3&#8243;][divider line_type=&#8221;No Line&#8221; custom_height=&#8221;0px&#8221; custom_height_tablet=&#8221;10px&#8221; custom_height_phone=&#8221;10px&#8221;][vc_column_text css=&#8221;&#8221; text_direction=&#8221;default&#8221;]\n<h5 class=\"autor-nome-3\">Catarina B\u00e1rbara<\/h5>\n[\/vc_column_text][divider line_type=&#8221;No Line&#8221; custom_height=&#8221;10px&#8221;][\/vc_column_inner][\/vc_row_inner][vc_column_text css=&#8221;&#8221; text_direction=&#8221;default&#8221;]<button class=\"btn-download no-print-pdf\">Download News<\/button>[\/vc_column_text][\/vc_column][\/vc_row]\n","protected":false},"excerpt":{"rendered":"<p>[vc_row type=&#8221;full_width_content&#8221; full_screen_row_position=&#8221;middle&#8221; column_margin=&#8221;default&#8221; column_direction=&#8221;default&#8221; column_direction_tablet=&#8221;default&#8221; column_direction_phone=&#8221;default&#8221; scene_position=&#8221;center&#8221; top_padding=&#8221;5%&#8221; bottom_padding=&#8221;5%&#8221; left_padding_desktop=&#8221;2%&#8221; constrain_group_2=&#8221;yes&#8221; right_padding_desktop=&#8221;2%&#8221; left_padding_tablet=&#8221;5%&#8221; constrain_group_4=&#8221;yes&#8221; right_padding_tablet=&#8221;5%&#8221; left_padding_phone=&#8221;5%&#8221; constrain_group_6=&#8221;yes&#8221; right_padding_phone=&#8221;5%&#8221; text_color=&#8221;dark&#8221; text_align=&#8221;left&#8221; row_border_radius=&#8221;none&#8221; row_border_radius_applies=&#8221;bg&#8221; overflow=&#8221;visible&#8221; id=&#8221;area-pdf&#8221; overlay_strength=&#8221;0.3&#8243; gradient_direction=&#8221;left_to_right&#8221; shape_divider_position=&#8221;bottom&#8221; bg_image_animation=&#8221;none&#8221; gradient_type=&#8221;default&#8221;&#8230;<\/p>\n","protected":false},"author":2,"featured_media":0,"comment_status":"closed","ping_status":"closed","sticky":false,"template":"","format":"standard","meta":{"inline_featured_image":false,"footnotes":""},"categories":[58],"tags":[],"class_list":{"0":"post-3288","1":"post","2":"type-post","3":"status-publish","4":"format-standard","6":"category-nota-informativa-en"},"yoast_head":"<!-- This site is optimized with the Yoast SEO plugin v26.5 - https:\/\/yoast.com\/wordpress\/plugins\/seo\/ -->\n<title>Proposed Amendments to the Portuguese Citizenship Law Debated in Parliament - Ana Bruno &amp; Associados<\/title>\n<meta name=\"robots\" content=\"index, follow, max-snippet:-1, max-image-preview:large, max-video-preview:-1\" \/>\n<link rel=\"canonical\" href=\"https:\/\/anabruno.pt\/en\/proposed-amendments-to-the-portuguese-citizenship-law-debated-in-parliament\/\" \/>\n<meta property=\"og:locale\" content=\"en_US\" \/>\n<meta property=\"og:type\" content=\"article\" \/>\n<meta property=\"og:title\" content=\"Proposed Amendments to the Portuguese Citizenship Law Debated in Parliament - Ana Bruno &amp; Associados\" \/>\n<meta property=\"og:description\" content=\"[vc_row type=&#8221;full_width_content&#8221; full_screen_row_position=&#8221;middle&#8221; column_margin=&#8221;default&#8221; column_direction=&#8221;default&#8221; column_direction_tablet=&#8221;default&#8221; column_direction_phone=&#8221;default&#8221; scene_position=&#8221;center&#8221; top_padding=&#8221;5%&#8221; bottom_padding=&#8221;5%&#8221; left_padding_desktop=&#8221;2%&#8221; constrain_group_2=&#8221;yes&#8221; right_padding_desktop=&#8221;2%&#8221; left_padding_tablet=&#8221;5%&#8221; constrain_group_4=&#8221;yes&#8221; right_padding_tablet=&#8221;5%&#8221; left_padding_phone=&#8221;5%&#8221; constrain_group_6=&#8221;yes&#8221; right_padding_phone=&#8221;5%&#8221; text_color=&#8221;dark&#8221; text_align=&#8221;left&#8221; row_border_radius=&#8221;none&#8221; row_border_radius_applies=&#8221;bg&#8221; overflow=&#8221;visible&#8221; id=&#8221;area-pdf&#8221; overlay_strength=&#8221;0.3&#8243; gradient_direction=&#8221;left_to_right&#8221; shape_divider_position=&#8221;bottom&#8221; bg_image_animation=&#8221;none&#8221; gradient_type=&#8221;default&#8221;...\" \/>\n<meta property=\"og:url\" content=\"https:\/\/anabruno.pt\/en\/proposed-amendments-to-the-portuguese-citizenship-law-debated-in-parliament\/\" \/>\n<meta property=\"og:site_name\" content=\"Ana Bruno &amp; Associados\" \/>\n<meta property=\"article:published_time\" content=\"2025-10-24T15:28:43+00:00\" \/>\n<meta property=\"article:modified_time\" content=\"2026-01-23T16:02:39+00:00\" \/>\n<meta name=\"author\" content=\"user_anabruno\" \/>\n<meta name=\"twitter:card\" content=\"summary_large_image\" \/>\n<meta name=\"twitter:label1\" content=\"Written by\" \/>\n\t<meta name=\"twitter:data1\" content=\"user_anabruno\" \/>\n\t<meta name=\"twitter:label2\" content=\"Est. reading time\" \/>\n\t<meta name=\"twitter:data2\" content=\"5 minutes\" \/>\n<script type=\"application\/ld+json\" class=\"yoast-schema-graph\">{\"@context\":\"https:\/\/schema.org\",\"@graph\":[{\"@type\":\"Article\",\"@id\":\"https:\/\/anabruno.pt\/en\/proposed-amendments-to-the-portuguese-citizenship-law-debated-in-parliament\/#article\",\"isPartOf\":{\"@id\":\"https:\/\/anabruno.pt\/en\/proposed-amendments-to-the-portuguese-citizenship-law-debated-in-parliament\/\"},\"author\":{\"name\":\"user_anabruno\",\"@id\":\"https:\/\/anabruno.pt\/en\/#\/schema\/person\/6232a81480832aefdbe6ec342027ca16\"},\"headline\":\"Proposed Amendments to the Portuguese Citizenship Law Debated in Parliament\",\"datePublished\":\"2025-10-24T15:28:43+00:00\",\"dateModified\":\"2026-01-23T16:02:39+00:00\",\"mainEntityOfPage\":{\"@id\":\"https:\/\/anabruno.pt\/en\/proposed-amendments-to-the-portuguese-citizenship-law-debated-in-parliament\/\"},\"wordCount\":2162,\"publisher\":{\"@id\":\"https:\/\/anabruno.pt\/en\/#organization\"},\"articleSection\":[\"Nota informativa\"],\"inLanguage\":\"en-US\"},{\"@type\":\"WebPage\",\"@id\":\"https:\/\/anabruno.pt\/en\/proposed-amendments-to-the-portuguese-citizenship-law-debated-in-parliament\/\",\"url\":\"https:\/\/anabruno.pt\/en\/proposed-amendments-to-the-portuguese-citizenship-law-debated-in-parliament\/\",\"name\":\"Proposed Amendments to the Portuguese Citizenship Law Debated in Parliament - Ana Bruno &amp; Associados\",\"isPartOf\":{\"@id\":\"https:\/\/anabruno.pt\/en\/#website\"},\"datePublished\":\"2025-10-24T15:28:43+00:00\",\"dateModified\":\"2026-01-23T16:02:39+00:00\",\"breadcrumb\":{\"@id\":\"https:\/\/anabruno.pt\/en\/proposed-amendments-to-the-portuguese-citizenship-law-debated-in-parliament\/#breadcrumb\"},\"inLanguage\":\"en-US\",\"potentialAction\":[{\"@type\":\"ReadAction\",\"target\":[\"https:\/\/anabruno.pt\/en\/proposed-amendments-to-the-portuguese-citizenship-law-debated-in-parliament\/\"]}]},{\"@type\":\"BreadcrumbList\",\"@id\":\"https:\/\/anabruno.pt\/en\/proposed-amendments-to-the-portuguese-citizenship-law-debated-in-parliament\/#breadcrumb\",\"itemListElement\":[{\"@type\":\"ListItem\",\"position\":1,\"name\":\"In\u00edcio\",\"item\":\"https:\/\/anabruno.pt\/en\/\"},{\"@type\":\"ListItem\",\"position\":2,\"name\":\"Proposed Amendments to the Portuguese Citizenship Law Debated in Parliament\"}]},{\"@type\":\"WebSite\",\"@id\":\"https:\/\/anabruno.pt\/en\/#website\",\"url\":\"https:\/\/anabruno.pt\/en\/\",\"name\":\"Ana Bruno & Associados\",\"description\":\"\",\"publisher\":{\"@id\":\"https:\/\/anabruno.pt\/en\/#organization\"},\"potentialAction\":[{\"@type\":\"SearchAction\",\"target\":{\"@type\":\"EntryPoint\",\"urlTemplate\":\"https:\/\/anabruno.pt\/en\/?s={search_term_string}\"},\"query-input\":{\"@type\":\"PropertyValueSpecification\",\"valueRequired\":true,\"valueName\":\"search_term_string\"}}],\"inLanguage\":\"en-US\"},{\"@type\":\"Organization\",\"@id\":\"https:\/\/anabruno.pt\/en\/#organization\",\"name\":\"Ana Bruno & Associados\",\"url\":\"https:\/\/anabruno.pt\/en\/\",\"logo\":{\"@type\":\"ImageObject\",\"inLanguage\":\"en-US\",\"@id\":\"https:\/\/anabruno.pt\/en\/#\/schema\/logo\/image\/\",\"url\":\"https:\/\/anabruno.pt\/wp-content\/uploads\/2025\/05\/logo_ana_bruno_dark.svg\",\"contentUrl\":\"https:\/\/anabruno.pt\/wp-content\/uploads\/2025\/05\/logo_ana_bruno_dark.svg\",\"width\":283,\"height\":64,\"caption\":\"Ana Bruno & Associados\"},\"image\":{\"@id\":\"https:\/\/anabruno.pt\/en\/#\/schema\/logo\/image\/\"}},{\"@type\":\"Person\",\"@id\":\"https:\/\/anabruno.pt\/en\/#\/schema\/person\/6232a81480832aefdbe6ec342027ca16\",\"name\":\"user_anabruno\",\"image\":{\"@type\":\"ImageObject\",\"inLanguage\":\"en-US\",\"@id\":\"https:\/\/anabruno.pt\/en\/#\/schema\/person\/image\/\",\"url\":\"https:\/\/secure.gravatar.com\/avatar\/fd0e1703db38c5ff855f87a6c9fcd4f6f73c14af8ad8b47e1eaef872b1403d13?s=96&d=mm&r=g\",\"contentUrl\":\"https:\/\/secure.gravatar.com\/avatar\/fd0e1703db38c5ff855f87a6c9fcd4f6f73c14af8ad8b47e1eaef872b1403d13?s=96&d=mm&r=g\",\"caption\":\"user_anabruno\"},\"url\":\"https:\/\/anabruno.pt\/en\/author\/user_anabruno\/\"}]}<\/script>\n<!-- \/ Yoast SEO plugin. -->","yoast_head_json":{"title":"Proposed Amendments to the Portuguese Citizenship Law Debated in Parliament - Ana Bruno &amp; Associados","robots":{"index":"index","follow":"follow","max-snippet":"max-snippet:-1","max-image-preview":"max-image-preview:large","max-video-preview":"max-video-preview:-1"},"canonical":"https:\/\/anabruno.pt\/en\/proposed-amendments-to-the-portuguese-citizenship-law-debated-in-parliament\/","og_locale":"en_US","og_type":"article","og_title":"Proposed Amendments to the Portuguese Citizenship Law Debated in Parliament - Ana Bruno &amp; Associados","og_description":"[vc_row type=&#8221;full_width_content&#8221; full_screen_row_position=&#8221;middle&#8221; column_margin=&#8221;default&#8221; column_direction=&#8221;default&#8221; column_direction_tablet=&#8221;default&#8221; column_direction_phone=&#8221;default&#8221; scene_position=&#8221;center&#8221; top_padding=&#8221;5%&#8221; bottom_padding=&#8221;5%&#8221; left_padding_desktop=&#8221;2%&#8221; constrain_group_2=&#8221;yes&#8221; right_padding_desktop=&#8221;2%&#8221; left_padding_tablet=&#8221;5%&#8221; constrain_group_4=&#8221;yes&#8221; right_padding_tablet=&#8221;5%&#8221; left_padding_phone=&#8221;5%&#8221; constrain_group_6=&#8221;yes&#8221; right_padding_phone=&#8221;5%&#8221; text_color=&#8221;dark&#8221; text_align=&#8221;left&#8221; row_border_radius=&#8221;none&#8221; row_border_radius_applies=&#8221;bg&#8221; overflow=&#8221;visible&#8221; id=&#8221;area-pdf&#8221; overlay_strength=&#8221;0.3&#8243; gradient_direction=&#8221;left_to_right&#8221; shape_divider_position=&#8221;bottom&#8221; bg_image_animation=&#8221;none&#8221; gradient_type=&#8221;default&#8221;...","og_url":"https:\/\/anabruno.pt\/en\/proposed-amendments-to-the-portuguese-citizenship-law-debated-in-parliament\/","og_site_name":"Ana Bruno &amp; Associados","article_published_time":"2025-10-24T15:28:43+00:00","article_modified_time":"2026-01-23T16:02:39+00:00","author":"user_anabruno","twitter_card":"summary_large_image","twitter_misc":{"Written by":"user_anabruno","Est. reading time":"5 minutes"},"schema":{"@context":"https:\/\/schema.org","@graph":[{"@type":"Article","@id":"https:\/\/anabruno.pt\/en\/proposed-amendments-to-the-portuguese-citizenship-law-debated-in-parliament\/#article","isPartOf":{"@id":"https:\/\/anabruno.pt\/en\/proposed-amendments-to-the-portuguese-citizenship-law-debated-in-parliament\/"},"author":{"name":"user_anabruno","@id":"https:\/\/anabruno.pt\/en\/#\/schema\/person\/6232a81480832aefdbe6ec342027ca16"},"headline":"Proposed Amendments to the Portuguese Citizenship Law Debated in Parliament","datePublished":"2025-10-24T15:28:43+00:00","dateModified":"2026-01-23T16:02:39+00:00","mainEntityOfPage":{"@id":"https:\/\/anabruno.pt\/en\/proposed-amendments-to-the-portuguese-citizenship-law-debated-in-parliament\/"},"wordCount":2162,"publisher":{"@id":"https:\/\/anabruno.pt\/en\/#organization"},"articleSection":["Nota informativa"],"inLanguage":"en-US"},{"@type":"WebPage","@id":"https:\/\/anabruno.pt\/en\/proposed-amendments-to-the-portuguese-citizenship-law-debated-in-parliament\/","url":"https:\/\/anabruno.pt\/en\/proposed-amendments-to-the-portuguese-citizenship-law-debated-in-parliament\/","name":"Proposed Amendments to the Portuguese Citizenship Law Debated in Parliament - Ana Bruno &amp; Associados","isPartOf":{"@id":"https:\/\/anabruno.pt\/en\/#website"},"datePublished":"2025-10-24T15:28:43+00:00","dateModified":"2026-01-23T16:02:39+00:00","breadcrumb":{"@id":"https:\/\/anabruno.pt\/en\/proposed-amendments-to-the-portuguese-citizenship-law-debated-in-parliament\/#breadcrumb"},"inLanguage":"en-US","potentialAction":[{"@type":"ReadAction","target":["https:\/\/anabruno.pt\/en\/proposed-amendments-to-the-portuguese-citizenship-law-debated-in-parliament\/"]}]},{"@type":"BreadcrumbList","@id":"https:\/\/anabruno.pt\/en\/proposed-amendments-to-the-portuguese-citizenship-law-debated-in-parliament\/#breadcrumb","itemListElement":[{"@type":"ListItem","position":1,"name":"In\u00edcio","item":"https:\/\/anabruno.pt\/en\/"},{"@type":"ListItem","position":2,"name":"Proposed Amendments to the Portuguese Citizenship Law Debated in Parliament"}]},{"@type":"WebSite","@id":"https:\/\/anabruno.pt\/en\/#website","url":"https:\/\/anabruno.pt\/en\/","name":"Ana Bruno & Associados","description":"","publisher":{"@id":"https:\/\/anabruno.pt\/en\/#organization"},"potentialAction":[{"@type":"SearchAction","target":{"@type":"EntryPoint","urlTemplate":"https:\/\/anabruno.pt\/en\/?s={search_term_string}"},"query-input":{"@type":"PropertyValueSpecification","valueRequired":true,"valueName":"search_term_string"}}],"inLanguage":"en-US"},{"@type":"Organization","@id":"https:\/\/anabruno.pt\/en\/#organization","name":"Ana Bruno & Associados","url":"https:\/\/anabruno.pt\/en\/","logo":{"@type":"ImageObject","inLanguage":"en-US","@id":"https:\/\/anabruno.pt\/en\/#\/schema\/logo\/image\/","url":"https:\/\/anabruno.pt\/wp-content\/uploads\/2025\/05\/logo_ana_bruno_dark.svg","contentUrl":"https:\/\/anabruno.pt\/wp-content\/uploads\/2025\/05\/logo_ana_bruno_dark.svg","width":283,"height":64,"caption":"Ana Bruno & Associados"},"image":{"@id":"https:\/\/anabruno.pt\/en\/#\/schema\/logo\/image\/"}},{"@type":"Person","@id":"https:\/\/anabruno.pt\/en\/#\/schema\/person\/6232a81480832aefdbe6ec342027ca16","name":"user_anabruno","image":{"@type":"ImageObject","inLanguage":"en-US","@id":"https:\/\/anabruno.pt\/en\/#\/schema\/person\/image\/","url":"https:\/\/secure.gravatar.com\/avatar\/fd0e1703db38c5ff855f87a6c9fcd4f6f73c14af8ad8b47e1eaef872b1403d13?s=96&d=mm&r=g","contentUrl":"https:\/\/secure.gravatar.com\/avatar\/fd0e1703db38c5ff855f87a6c9fcd4f6f73c14af8ad8b47e1eaef872b1403d13?s=96&d=mm&r=g","caption":"user_anabruno"},"url":"https:\/\/anabruno.pt\/en\/author\/user_anabruno\/"}]}},"_links":{"self":[{"href":"https:\/\/anabruno.pt\/en\/wp-json\/wp\/v2\/posts\/3288","targetHints":{"allow":["GET"]}}],"collection":[{"href":"https:\/\/anabruno.pt\/en\/wp-json\/wp\/v2\/posts"}],"about":[{"href":"https:\/\/anabruno.pt\/en\/wp-json\/wp\/v2\/types\/post"}],"author":[{"embeddable":true,"href":"https:\/\/anabruno.pt\/en\/wp-json\/wp\/v2\/users\/2"}],"replies":[{"embeddable":true,"href":"https:\/\/anabruno.pt\/en\/wp-json\/wp\/v2\/comments?post=3288"}],"version-history":[{"count":8,"href":"https:\/\/anabruno.pt\/en\/wp-json\/wp\/v2\/posts\/3288\/revisions"}],"predecessor-version":[{"id":3909,"href":"https:\/\/anabruno.pt\/en\/wp-json\/wp\/v2\/posts\/3288\/revisions\/3909"}],"wp:attachment":[{"href":"https:\/\/anabruno.pt\/en\/wp-json\/wp\/v2\/media?parent=3288"}],"wp:term":[{"taxonomy":"category","embeddable":true,"href":"https:\/\/anabruno.pt\/en\/wp-json\/wp\/v2\/categories?post=3288"},{"taxonomy":"post_tag","embeddable":true,"href":"https:\/\/anabruno.pt\/en\/wp-json\/wp\/v2\/tags?post=3288"}],"curies":[{"name":"wp","href":"https:\/\/api.w.org\/{rel}","templated":true}]}}